{"id":10768,"date":"2022-08-22T15:34:03","date_gmt":"2022-08-22T13:34:03","guid":{"rendered":"https:\/\/dev.asleman.org\/?p=10768"},"modified":"2022-08-22T15:34:03","modified_gmt":"2022-08-22T13:34:03","slug":"les-couleurs-du-lac-la-face-cachee-des-mythes-dimanche-25-septembre-nernier-f","status":"publish","type":"post","link":"https:\/\/asleman.org\/en\/2022\/08\/22\/les-couleurs-du-lac-la-face-cachee-des-mythes-dimanche-25-septembre-nernier-f\/","title":{"rendered":"\u201cLES COULEURS DU LAC - The hidden face of myths\u201d - Sunday 25 September - Nernier (F)"},"content":{"rendered":"<p>On 25 September 2022, the ASL, the commune of Nernier, the CPIE Chablais-L\u00e9man and G\u00e9oparc du Chablais are organising a day devoted to Lake Geneva, with the central theme of \"The hidden face of myths\".<\/p>\n\n\n\n<p>This 4th edition will feature the exceptional participation of PLONK &amp; REPLONK, with an exhibition of posters and book signings.<\/p>\n\n\n\n<p>Free admission<br>Venue: La ferme d'Antioche, at the entrance to the village, Nernier.<\/p>\n\n\n\n<p>Programme : <\/p>\n\n\n\n<div class=\"wp-block-group is-layout-flow wp-block-group-is-layout-flow\">\n<ul class=\"wp-block-list\"><li><strong>10h30<\/strong> Welcome and opening.<\/li><li><strong>10h45<\/strong> Le lac qui fait boom\" by Michel MEYBECK, Emeritus Director of Research at the CNRS.<\/li><li><strong>11h45<\/strong> Fascination L\u00e9man\" by Ms FALCONNIER, literary journalist and author.<\/li><li><strong>14h00<\/strong> Exchange and meeting on the theme of \u00abFrankenstein, a modern myth\u00bb by Paul ROUX, member of the ASL. <\/li><li><strong>14h45 <\/strong>Book signing (Plonk, Falconnier), book sales with the Librairie CLIMAT.<\/li><\/ul>\n<\/div>\n\n\n\n<div style=\"height:23px\" aria-hidden=\"true\" class=\"wp-block-spacer\"><\/div>\n\n\n\n<p>And all day long:<\/p>\n\n\n\n<ul class=\"wp-block-list\"><li>An exhibition of PLONK &amp; REPLONK posters.<\/li><li>Couleurs du lac partner stands (ASL, UNESCO Chablais World Geopark, Librairie CLIMAT and CPIE Chablais-L\u00e9man).<\/li><\/ul>\n\n\n\n<div style=\"height:29px\" aria-hidden=\"true\" class=\"wp-block-spacer\"><\/div>\n\n\n<p><a href=\"https:\/\/dev.asleman.org\/wp-content\/uploads\/2022\/09\/NERNIER-Couleurs-du-Lac-25-sept-presentation-et-programme.pdf\" target=\"_blank\" rel=\"noopener noreferrer nofollow\">Presentation and programme PDF<\/a><\/p>","protected":false},"excerpt":{"rendered":"<p>Durant le 25 septembre 2022, l\u2019ASL, la commune de Nernier, le CPIE Chablais-L\u00e9man et G\u00e9oparc du Chablais proposent une journ\u00e9e consacr\u00e9e au L\u00e9man qui aura comme th\u00e8me central \u00ab&nbsp;La face cach\u00e9e des mythes&nbsp;\u00bb. Cette 4 \u00e8me \u00e9dition b\u00e9n\u00e9ficiera de la participation exceptionnelle de PLONK &amp; REPLONK avec une exposition d\u2019affiches et d\u00e9dicaces. Entr\u00e9e libreLieu : [&hellip;]<\/p>\n","protected":false},"author":1,"featured_media":10770,"comment_status":"open","ping_status":"open","sticky":false,"template":"","format":"standard","meta":{"_acf_changed":false,"_seopress_robots_primary_cat":"","_seopress_titles_title":"","_seopress_titles_desc":"","_seopress_robots_index":"","footnotes":""},"categories":[50],"tags":[],"class_list":["post-10768","post","type-post","status-publish","format-standard","has-post-thumbnail","hentry","category-evenements"],"acf":[],"ase":null,"_links":{"self":[{"href":"https:\/\/asleman.org\/en\/wp-json\/wp\/v2\/posts\/10768","targetHints":{"allow":["GET"]}}],"collection":[{"href":"https:\/\/asleman.org\/en\/wp-json\/wp\/v2\/posts"}],"about":[{"href":"https:\/\/asleman.org\/en\/wp-json\/wp\/v2\/types\/post"}],"author":[{"embeddable":true,"href":"https:\/\/asleman.org\/en\/wp-json\/wp\/v2\/users\/1"}],"replies":[{"embeddable":true,"href":"https:\/\/asleman.org\/en\/wp-json\/wp\/v2\/comments?post=10768"}],"version-history":[{"count":0,"href":"https:\/\/asleman.org\/en\/wp-json\/wp\/v2\/posts\/10768\/revisions"}],"wp:featuredmedia":[{"embeddable":true,"href":"https:\/\/asleman.org\/en\/wp-json\/wp\/v2\/media\/10770"}],"wp:attachment":[{"href":"https:\/\/asleman.org\/en\/wp-json\/wp\/v2\/media?parent=10768"}],"wp:term":[{"taxonomy":"category","embeddable":true,"href":"https:\/\/asleman.org\/en\/wp-json\/wp\/v2\/categories?post=10768"},{"taxonomy":"post_tag","embeddable":true,"href":"https:\/\/asleman.org\/en\/wp-json\/wp\/v2\/tags?post=10768"}],"curies":[{"name":"wp","href":"https:\/\/api.w.org\/{rel}","templated":true}]}}