{"id":14127,"date":"2023-09-05T09:15:52","date_gmt":"2023-09-05T07:15:52","guid":{"rendered":"https:\/\/dev.asleman.org\/?p=14127"},"modified":"2023-09-05T09:15:52","modified_gmt":"2023-09-05T07:15:52","slug":"microscopia-le-plancton-du-leman-a-locean","status":"publish","type":"post","link":"https:\/\/asleman.org\/en\/2023\/09\/05\/microscopia-le-plancton-du-leman-a-locean\/","title":{"rendered":"Microscopia\u201c exhibition - Plankton, from Lake Geneva to the ocean"},"content":{"rendered":"<p><strong>Family workshops at the University of Geneva<\/strong><\/p>\n<p>As part of an exhibition dedicated to marine plankton and plankton in Lake Geneva, organised by the University of Geneva's Department of Earth Sciences, the ASL will be offering a series of events entitled \"Discovering the invisible world of Lake Geneva\" on Wednesday afternoons between<br \/>\n30 August to 18 October, 2.00 pm to 3.30 pm.<\/p>\n<p>This activity includes a theoretical part on the different species that live in the lake and the interactions between them (food chain). The practical part includes a demonstration and observation of plankton, micro-organisms and aquatic plants in Lake Geneva using a microscope and binocular magnifying glass. For children aged 8-12 (and their parents).<\/p>\n<p>A registered family event: <a href=\"https:\/\/dev.asleman.org\/inscription-evenement-asl-unige\/\" target=\"_blank\" rel=\"noopener noreferrer nofollow\">www.asleman.org\/inscription-evenement-asl-unige<\/a><\/p>\n<p><a href=\"https:\/\/dev.asleman.org\/wp-content\/uploads\/2023\/06\/Flyer-A5-Microscopia-2023.pdf\" target=\"_blank\" rel=\"noopener noreferrer nofollow\">Exhibition flyer<\/a><\/p>","protected":false},"excerpt":{"rendered":"<p>Ateliers familiaux \u00e0 l\u2019Universit\u00e9 de Gen\u00e8ve Dans le cadre d\u2019une exposition d\u00e9di\u00e9e au plancton marin et au plancton l\u00e9manique organis\u00e9e par le d\u00e9partement des sciences de la Terre de l\u2019Universit\u00e9 de Gen\u00e8ve, l\u2019ASL proposera des animations \u00ab \u00c0 la d\u00e9couverte du monde invisible du L\u00e9man \u00bb les mercredis apr\u00e8s-midi du 30 ao\u00fbt au 18 octobre [&hellip;]<\/p>\n","protected":false},"author":1,"featured_media":14128,"comment_status":"closed","ping_status":"closed","sticky":false,"template":"","format":"standard","meta":{"_acf_changed":false,"_seopress_robots_primary_cat":"","_seopress_titles_title":"","_seopress_titles_desc":"","_seopress_robots_index":"","footnotes":""},"categories":[50],"tags":[],"class_list":["post-14127","post","type-post","status-publish","format-standard","has-post-thumbnail","hentry","category-evenements"],"acf":[],"ase":null,"_links":{"self":[{"href":"https:\/\/asleman.org\/en\/wp-json\/wp\/v2\/posts\/14127","targetHints":{"allow":["GET"]}}],"collection":[{"href":"https:\/\/asleman.org\/en\/wp-json\/wp\/v2\/posts"}],"about":[{"href":"https:\/\/asleman.org\/en\/wp-json\/wp\/v2\/types\/post"}],"author":[{"embeddable":true,"href":"https:\/\/asleman.org\/en\/wp-json\/wp\/v2\/users\/1"}],"replies":[{"embeddable":true,"href":"https:\/\/asleman.org\/en\/wp-json\/wp\/v2\/comments?post=14127"}],"version-history":[{"count":0,"href":"https:\/\/asleman.org\/en\/wp-json\/wp\/v2\/posts\/14127\/revisions"}],"wp:featuredmedia":[{"embeddable":true,"href":"https:\/\/asleman.org\/en\/wp-json\/wp\/v2\/media\/14128"}],"wp:attachment":[{"href":"https:\/\/asleman.org\/en\/wp-json\/wp\/v2\/media?parent=14127"}],"wp:term":[{"taxonomy":"category","embeddable":true,"href":"https:\/\/asleman.org\/en\/wp-json\/wp\/v2\/categories?post=14127"},{"taxonomy":"post_tag","embeddable":true,"href":"https:\/\/asleman.org\/en\/wp-json\/wp\/v2\/tags?post=14127"}],"curies":[{"name":"wp","href":"https:\/\/api.w.org\/{rel}","templated":true}]}}