{"id":15530,"date":"2024-01-25T15:28:16","date_gmt":"2024-01-25T14:28:16","guid":{"rendered":"https:\/\/dev.asleman.org\/?p=15530"},"modified":"2024-01-25T15:28:16","modified_gmt":"2024-01-25T14:28:16","slug":"nettoyage-des-roselieres-des-grangettes-samedi-2-mars-des-8h30","status":"publish","type":"post","link":"https:\/\/asleman.org\/en\/2024\/01\/25\/nettoyage-des-roselieres-des-grangettes-samedi-2-mars-des-8h30\/","title":{"rendered":"Clean-up of the reed beds at Les Grangettes - Saturday 2 March from 8.30am"},"content":{"rendered":"<p><strong>Saturday 2 March<\/strong>\u00a0join us, and ProNatura, at one of our\u00a0<strong>A major operation to clean up and remove knotweed at Les Grangettes.<\/strong><\/p>\n<p>As the largest nature reserve around Lake Geneva, Les Grangettes is subject to a heavy influx of driftwood and plastic. But the area is also particularly affected by the invasive Asian knotweed.<\/p>\n<p>Using boots, gloves and bags, take part in this combined action and\u00a0<strong>give biodiversity a helping hand!<\/strong><\/p>\n<p><strong>Practical information:<\/strong><\/p>\n<p><strong>For pulling up knotweed<\/strong>For more information, please contact our project manager: Coralie Di Stadio (<a href=\"mailto:coralie.distadio@asleman.org\" target=\"_blank\" rel=\"noopener\">coralie.distadio@asleman.org<\/a>)<br \/>\n<strong>To take part in the clean-up:<\/strong> <a href=\"https:\/\/www.pronatura-grangettes.ch\/fr\/nettoyage-Grangettes-2024\" target=\"_blank\" rel=\"noopener noreferrer nofollow\">https:\/\/www.pronatura-grangettes.ch\/fr\/nettoyage-Grangettes-2024<\/a><\/p>","protected":false},"excerpt":{"rendered":"<p>Le samedi 2 mars\u00a0rejoignez-nous, ainsi que ProNatura, lors d\u2019une\u00a0grande op\u00e9ration de nettoyage et d\u2019arrachage de renou\u00e9es aux Grangettes. Plus grande r\u00e9serve naturelle autour du L\u00e9man, les Grangettes sont soumises \u00e0 une forte arriv\u00e9e de bois flott\u00e9s et de plastiques. Mais ce secteur est aussi particuli\u00e8rement touch\u00e9 par la Renou\u00e9e asiatique, plante envahissante. \u00c0 l\u2019aide de [&hellip;]<\/p>\n","protected":false},"author":1,"featured_media":15531,"comment_status":"closed","ping_status":"closed","sticky":false,"template":"","format":"standard","meta":{"_acf_changed":false,"_seopress_robots_primary_cat":"","_seopress_titles_title":"","_seopress_titles_desc":"","_seopress_robots_index":"","footnotes":""},"categories":[50],"tags":[46,47,48,49],"class_list":["post-15530","post","type-post","status-publish","format-standard","has-post-thumbnail","hentry","category-evenements","tag-arrachage-de-renouees","tag-halte-aux-renouees","tag-nettoyage-grangettes","tag-pronatura"],"acf":[],"ase":null,"_links":{"self":[{"href":"https:\/\/asleman.org\/en\/wp-json\/wp\/v2\/posts\/15530","targetHints":{"allow":["GET"]}}],"collection":[{"href":"https:\/\/asleman.org\/en\/wp-json\/wp\/v2\/posts"}],"about":[{"href":"https:\/\/asleman.org\/en\/wp-json\/wp\/v2\/types\/post"}],"author":[{"embeddable":true,"href":"https:\/\/asleman.org\/en\/wp-json\/wp\/v2\/users\/1"}],"replies":[{"embeddable":true,"href":"https:\/\/asleman.org\/en\/wp-json\/wp\/v2\/comments?post=15530"}],"version-history":[{"count":0,"href":"https:\/\/asleman.org\/en\/wp-json\/wp\/v2\/posts\/15530\/revisions"}],"wp:featuredmedia":[{"embeddable":true,"href":"https:\/\/asleman.org\/en\/wp-json\/wp\/v2\/media\/15531"}],"wp:attachment":[{"href":"https:\/\/asleman.org\/en\/wp-json\/wp\/v2\/media?parent=15530"}],"wp:term":[{"taxonomy":"category","embeddable":true,"href":"https:\/\/asleman.org\/en\/wp-json\/wp\/v2\/categories?post=15530"},{"taxonomy":"post_tag","embeddable":true,"href":"https:\/\/asleman.org\/en\/wp-json\/wp\/v2\/tags?post=15530"}],"curies":[{"name":"wp","href":"https:\/\/api.w.org\/{rel}","templated":true}]}}