{"id":5663,"date":"2020-09-14T12:09:36","date_gmt":"2020-09-14T10:09:36","guid":{"rendered":"https:\/\/dev.asleman.org\/?p=5663"},"modified":"2020-09-14T12:09:36","modified_gmt":"2020-09-14T10:09:36","slug":"conference-leau-patrimoine-de-la-nature","status":"publish","type":"post","link":"https:\/\/asleman.org\/en\/2020\/09\/14\/conference-leau-patrimoine-de-la-nature\/","title":{"rendered":"CONFERENCE - Water, nature's heritage"},"content":{"rendered":"<p><strong>Marshes: a natural partner for<\/strong> <strong>the quality of lake Geneva waters<\/strong><\/p>\n\n\n\n<p>As part of the 37<sup>e<\/sup> On the occasion of the European Heritage Day, Jean-Marcel Dorioz, vice-president of the ASL, will be giving a talk on the theme of \"Marshes: a natural partner in the quality of the waters of Lake Geneva\" (with the support of the CPIE Chablais L\u00e9man).<\/p>\n\n\n\n<p>Between land and water, the marshes are characterised by exceptional biodiversity. Through their various functions, they are a natural partner in the quality of the waters of Lake Geneva.<\/p>\n\n\n\n<p>The conference will take place on Friday 18 September at 6.30pm at the Ferme d'Antioche in Nernier. The venue will also be hosting an exhibition - \"L\u00e9man sauvage\", open daily from 10am to 7pm, featuring photos by St\u00e9phane Corcelle accompanied by illustrations by Mathieu Binand and cut-outs by H\u00e9l\u00e8ne Corcelle - and another talk, \"Les oiseaux d'eau\", given by St\u00e9phane Corcelle on Sunday 20 September at 11am.<\/p>\n\n\n\n<p><a href=\"https:\/\/nernier.eu\/expositions-ferme-dantioche-saison-2020\/actualite_787.html\" target=\"_blank\" rel=\"noopener noreferrer nofollow\">More information<\/a><\/p>","protected":false},"excerpt":{"rendered":"<p>Les marais : un partenaire naturel de la qualit\u00e9 des eaux l\u00e9maniques Dans le cadre de la 37e \u00e9dition de la Journ\u00e9e europ\u00e9enne du Patrimoine, Jean-Marcel Dorioz, vice-pr\u00e9sident de l\u2019ASL, tiendra une conf\u00e9rence sur le th\u00e8me\u00a0: \u00ab\u00a0Les marais\u00a0: un partenaire naturel de la qualit\u00e9 des eaux l\u00e9maniques\u00a0\u00bb (avec le soutien du CPIE Chablais L\u00e9man). Entre [&hellip;]<\/p>\n","protected":false},"author":1,"featured_media":5667,"comment_status":"open","ping_status":"open","sticky":false,"template":"","format":"standard","meta":{"_acf_changed":false,"_seopress_robots_primary_cat":"","_seopress_titles_title":"","_seopress_titles_desc":"","_seopress_robots_index":"","footnotes":""},"categories":[50],"tags":[],"class_list":["post-5663","post","type-post","status-publish","format-standard","has-post-thumbnail","hentry","category-evenements"],"acf":[],"ase":null,"_links":{"self":[{"href":"https:\/\/asleman.org\/en\/wp-json\/wp\/v2\/posts\/5663","targetHints":{"allow":["GET"]}}],"collection":[{"href":"https:\/\/asleman.org\/en\/wp-json\/wp\/v2\/posts"}],"about":[{"href":"https:\/\/asleman.org\/en\/wp-json\/wp\/v2\/types\/post"}],"author":[{"embeddable":true,"href":"https:\/\/asleman.org\/en\/wp-json\/wp\/v2\/users\/1"}],"replies":[{"embeddable":true,"href":"https:\/\/asleman.org\/en\/wp-json\/wp\/v2\/comments?post=5663"}],"version-history":[{"count":0,"href":"https:\/\/asleman.org\/en\/wp-json\/wp\/v2\/posts\/5663\/revisions"}],"wp:featuredmedia":[{"embeddable":true,"href":"https:\/\/asleman.org\/en\/wp-json\/wp\/v2\/media\/5667"}],"wp:attachment":[{"href":"https:\/\/asleman.org\/en\/wp-json\/wp\/v2\/media?parent=5663"}],"wp:term":[{"taxonomy":"category","embeddable":true,"href":"https:\/\/asleman.org\/en\/wp-json\/wp\/v2\/categories?post=5663"},{"taxonomy":"post_tag","embeddable":true,"href":"https:\/\/asleman.org\/en\/wp-json\/wp\/v2\/tags?post=5663"}],"curies":[{"name":"wp","href":"https:\/\/api.w.org\/{rel}","templated":true}]}}